{"id":390,"date":"2018-05-02T18:33:09","date_gmt":"2018-05-02T16:33:09","guid":{"rendered":"http:\/\/produktiv-effektiv-digital.de\/ped\/?p=390"},"modified":"2018-05-02T18:33:09","modified_gmt":"2018-05-02T16:33:09","slug":"ein-gesunder-geist-braucht-einen-gesunden-koerper","status":"publish","type":"post","link":"https:\/\/produktiv-effektiv-digital.de\/ped\/2018\/05\/02\/ein-gesunder-geist-braucht-einen-gesunden-koerper\/","title":{"rendered":"Ein gesunder Geist braucht einen gesunden K\u00f6rper"},"content":{"rendered":"<p>Ein gesunder Geist braucht einen gesunden K\u00f6rper um seine Ziele zu erreichen. Egal ob die Kurz- , Mittel oder Langfristigen. Da erz\u00e4hle ich euch aber kein Geheimnis.<\/p>\n<p>Ich m\u00f6chte heute einmal von meinem Aha!-Effekt berichten in Bezug auf Ern\u00e4hrung und Wohlf\u00fchlen. Die Werte f\u00fcr den Energieverbrauch, wie auch Schritte, Herzfrequenz usw. beziehe ich von meiner Apple Watch.<\/p>\n<p>Bei mir ging es los, als ich straff auf die 40 zugegangen bin. Wie auch immer. Ich f\u00fchlte mich nicht mehr wohl in meiner Haut. Irgendwas mit Sport wollte ich tun. Angefangen habe ich mit Laufen. Ich weis nicht mehr wie es kam, aber irgendwann kam ich auf den Geschmack des Krafttrainings. Jetzt kombiniere ich beides.<\/p>\n<p>Jeglicher Sport bringt jedoch wenig, wenn man sich so gar nicht an die richtige Ern\u00e4hrung h\u00e4lt. Ich m\u00f6chte dieses Thema hier gar nicht vertiefen, da die Ern\u00e4hrung eine sehr individuelle und an sein Lebensgewohnheiten angepasste Sache ist. Hier soll es eher darum gehen die richtige Perspektive zu bekommen.<\/p>\n<p>Was ich gelernt habe ist: Es kommt auf die Energiebilanz an! Nicht nur heute, sondern \u00fcber einen l\u00e4ngeren Zeitraum. Einfache Rechnung: Die aufgenommene Energie darf nicht gr\u00f6\u00dfer sein, als die Summe aus Bewegungsenergie + Grundumsatz. Und glaubt mir, es ist gar nicht so schwer mehr Energie aufzunehmen, als wieder abzugeben. Wenn man sich mit seiner Ern\u00e4hrung auseinandersetzt, ist es unumg\u00e4nglich auch mal seine Kalorien zu z\u00e4hlen, um ein Gef\u00fchl daf\u00fcr zu bekommen.<\/p>\n<p><strong>Kurzes Beispiel meiner heutigen (01.05.2018) Ern\u00e4hrung:<\/strong><\/p>\n<p>Fr\u00fchst\u00fcck:<br \/>\n100g Haferflocken &#8211; 372 kcal<br \/>\n250ml Hafer-Mandelmilch &#8211; 87 kcal<br \/>\n\u2014&gt;459 kcal<\/p>\n<p>Protein Shake vor dem Training &#8211; 250 kcal<br \/>\n\u2014&gt;709 kcal<\/p>\n<p>Snack 30g gesalzene Erdn\u00fcsse &#8211; 186 kcal<br \/>\n\u2014&gt;895 kcal<\/p>\n<p>Mittag:<br \/>\n2 Knacker &#8211; 189 kcal<br \/>\n1 Scheibe Emmentaler &#8211; 125 kcal<br \/>\n1 Scheibe Bergk\u00e4se &#8211; 112 kcal<br \/>\n5g Butter &#8211; 35 kcal<br \/>\n5g Butter &#8211; 35 kcal<br \/>\n2 Scheiben (30g) Vollkornbrot 2x56kcal= 112 kcal<br \/>\n\u2014&gt;1506 kcal<\/p>\n<p>Abendessen:<br \/>\nMischung aus paniertem Gem\u00fcse, Kartoffelecken, mariniertes gegrilltes H\u00fchnchen &#8211; 450 kcal<br \/>\n\u2014&gt;1956 kcal<\/p>\n<p>0,5l Bier &#8211; 200 kcal<br \/>\n\u2014&gt;2156kcal<\/p>\n<p><strong>Berechnung des Grundumsatzes mit der &#8222;Harris-Benedict-Formel&#8220;<\/strong><br \/>\nf\u00fcr M\u00e4nner: Grundumsatz [kcal\/24 h] = 66,47 + (13,7 * K\u00f6rpergewicht [kg]) + (5 * K\u00f6rpergr\u00f6sse [cm]) &#8211; (6,8 * Alter [Jahre])<\/p>\n<p>f\u00fcr Frauen: Grundumsatz [kcal\/24 h] = 655,1 + (9,6 * K\u00f6rpergewicht [kg]) + (1,8 * K\u00f6rpergr\u00f6sse [cm]) &#8211; (4,7 * Alter [Jahre])<\/p>\n<p>Bei mir w\u00e4ren das also genau 2000 kcal. Meine pers\u00f6nliche Bewegungsenergie bel\u00e4uft an B\u00fcrotagen um die 500 kcal und an Tagen wie heute, wo eine Stunde Krafttraining mit einem ausgedehnten Spaziergang den Tag gef\u00fcllt haben auf knapp 1300 kcal. In der Regel mit Krafttraining und ohne Spaziergang so um die 1000 kcal. Ein gesundes Abnehmen, ohne den Verlust der Muskelmasse zu riskieren sollte mit einem Defizit von 300 bis 400 kcal angestrebt werden.<\/p>\n<p>Hei\u00dft dann f\u00fcr mich heute:<br \/>\nGrundumsatz: 2000 kcal<br \/>\nBewegungsenergie: 1300 kcal<br \/>\nAufgenommene Energie: 2156 kcal<\/p>\n<p><img loading=\"lazy\" decoding=\"async\" class=\"aligncenter size-full wp-image-396\" src=\"http:\/\/produktiv-effektiv-digital.de\/ped\/wp-content\/uploads\/2018\/05\/IMG_0835.jpg\" alt=\"\" width=\"1235\" height=\"1605\" srcset=\"https:\/\/produktiv-effektiv-digital.de\/ped\/wp-content\/uploads\/2018\/05\/IMG_0835.jpg 1235w, https:\/\/produktiv-effektiv-digital.de\/ped\/wp-content\/uploads\/2018\/05\/IMG_0835-231x300.jpg 231w, https:\/\/produktiv-effektiv-digital.de\/ped\/wp-content\/uploads\/2018\/05\/IMG_0835-768x998.jpg 768w, https:\/\/produktiv-effektiv-digital.de\/ped\/wp-content\/uploads\/2018\/05\/IMG_0835-788x1024.jpg 788w\" sizes=\"auto, (max-width: 1235px) 100vw, 1235px\" \/><\/p>\n<p>Bleibt mir noch um mein Bauchspeck anzugreifen etwa 600 kcal die ich noch aufnehmen darf um in einem gesunden Defizit zu bleiben. W\u00e4ren dann wohl 1 Glas Wein (ja ich weis, sollte man fitnesstechnisch meiden) mit der Frau und 60g (2 Portionen) Erdn\u00fcsse. H\u00e4tte ich einen B\u00fcrotag gehabt, w\u00e4re ich schon im Defizitbereich, wenn ich an den Bauchspeck wollte.<\/p>\n<p>Mal ehrlich, wenn ich mir anschaue, was ich da heute gegessen habe und man bedenkt, dass ich den Tag \u00fcber nur Wasser und keine Softdrinks o.\u00e4. getrunken\u00a0und mich sehr viel bewegt habe, weis ich, warum es vielen so schwer f\u00e4llt ihr Gewicht zu reduzieren.<\/p>\n<p>3 Tage diszipliniertes Kalorienz\u00e4hlen reichen denk ich, um f\u00fcr sich selbst festzustellen wo der Schuh dr\u00fcckt. Mit k\u00f6rperlicher Bewegung, tut man nicht nur etwas f\u00fcr seine Fitness und seinen K\u00f6rper, sondern man darf auch ein wenig mehr zu sich nehmen.<\/p>\n<p><img loading=\"lazy\" decoding=\"async\" class=\"aligncenter size-full wp-image-397\" src=\"http:\/\/produktiv-effektiv-digital.de\/ped\/wp-content\/uploads\/2018\/05\/IMG_0836.jpg\" alt=\"\" width=\"1242\" height=\"1540\" srcset=\"https:\/\/produktiv-effektiv-digital.de\/ped\/wp-content\/uploads\/2018\/05\/IMG_0836.jpg 1242w, https:\/\/produktiv-effektiv-digital.de\/ped\/wp-content\/uploads\/2018\/05\/IMG_0836-242x300.jpg 242w, https:\/\/produktiv-effektiv-digital.de\/ped\/wp-content\/uploads\/2018\/05\/IMG_0836-768x952.jpg 768w, https:\/\/produktiv-effektiv-digital.de\/ped\/wp-content\/uploads\/2018\/05\/IMG_0836-826x1024.jpg 826w\" sizes=\"auto, (max-width: 1242px) 100vw, 1242px\" \/><\/p>\n<p>&nbsp;<\/p>\n<p>Ich hatte immer das Problem in M\u00fcdigkeitsl\u00f6cher zu fallen. Dies hatte nat\u00fcrlich auch Auswirkungen auf meine t\u00e4gliche Arbeit. Ich habe einfach mal darauf geachtet Weizen und Zucker auf ein m\u00f6gliches Minimum zu reduzieren. Damit spielte der Blutzuckerspiegel nicht mehr so Berg und Tal und ich bin den Tag \u00fcber agiler.<\/p>\n<p>F\u00fcr alles gilt, es mu\u00df sich eine Gewohnheit einstellen. Ob beim Sport, oder bei der Ern\u00e4hrung. Vor allem mu\u00df es Spass machen. Tut es das nicht, wird es scheitern. Garantiert!<\/p>\n","protected":false},"excerpt":{"rendered":"<p>Ein gesunder Geist braucht einen gesunden K\u00f6rper um seine Ziele zu erreichen. Egal ob die Kurz-&hellip;<\/p>\n","protected":false},"author":1,"featured_media":391,"comment_status":"open","ping_status":"open","sticky":false,"template":"","format":"standard","meta":{"footnotes":""},"categories":[1,50,49],"tags":[7,51,52,6],"class_list":["post-390","post","type-post","status-publish","format-standard","has-post-thumbnail","hentry","category-allgemein","category-ernaehrung","category-fitness","tag-effektiv","tag-fitness","tag-kalorien","tag-produktiv","comments-open","no-comments"],"_links":{"self":[{"href":"https:\/\/produktiv-effektiv-digital.de\/ped\/wp-json\/wp\/v2\/posts\/390","targetHints":{"allow":["GET"]}}],"collection":[{"href":"https:\/\/produktiv-effektiv-digital.de\/ped\/wp-json\/wp\/v2\/posts"}],"about":[{"href":"https:\/\/produktiv-effektiv-digital.de\/ped\/wp-json\/wp\/v2\/types\/post"}],"author":[{"embeddable":true,"href":"https:\/\/produktiv-effektiv-digital.de\/ped\/wp-json\/wp\/v2\/users\/1"}],"replies":[{"embeddable":true,"href":"https:\/\/produktiv-effektiv-digital.de\/ped\/wp-json\/wp\/v2\/comments?post=390"}],"version-history":[{"count":12,"href":"https:\/\/produktiv-effektiv-digital.de\/ped\/wp-json\/wp\/v2\/posts\/390\/revisions"}],"predecessor-version":[{"id":406,"href":"https:\/\/produktiv-effektiv-digital.de\/ped\/wp-json\/wp\/v2\/posts\/390\/revisions\/406"}],"wp:featuredmedia":[{"embeddable":true,"href":"https:\/\/produktiv-effektiv-digital.de\/ped\/wp-json\/wp\/v2\/media\/391"}],"wp:attachment":[{"href":"https:\/\/produktiv-effektiv-digital.de\/ped\/wp-json\/wp\/v2\/media?parent=390"}],"wp:term":[{"taxonomy":"category","embeddable":true,"href":"https:\/\/produktiv-effektiv-digital.de\/ped\/wp-json\/wp\/v2\/categories?post=390"},{"taxonomy":"post_tag","embeddable":true,"href":"https:\/\/produktiv-effektiv-digital.de\/ped\/wp-json\/wp\/v2\/tags?post=390"}],"curies":[{"name":"wp","href":"https:\/\/api.w.org\/{rel}","templated":true}]}}