{"id":211,"date":"2017-02-19T12:00:20","date_gmt":"2017-02-19T11:00:20","guid":{"rendered":"http:\/\/produktiv-effektiv-digital.de\/ped\/?p=211"},"modified":"2017-02-21T18:28:54","modified_gmt":"2017-02-21T17:28:54","slug":"kalender-mein-treuer-zeitbegleiter","status":"publish","type":"post","link":"https:\/\/produktiv-effektiv-digital.de\/ped\/2017\/02\/19\/kalender-mein-treuer-zeitbegleiter\/","title":{"rendered":"Kalender &#8211; Mein treuer Zeitbegleiter"},"content":{"rendered":"<p>Ein Kalender ist ein Kalender, oder nicht? Ihn gibt es in verschiedenen Variationen und Gr\u00f6\u00dfen.<\/p>\n<p>Die Einen m\u00f6gen ihn in Papierform, die Anderen nutzen ihn digital und wiederum andere eine Mischung aus Beiden.<\/p>\n<p>Ich selbst benutze Apples iCloud Kalender, selbst auf meinem Androiden und auf meinem Windowsnotebook. F\u00fcr s\u00e4mtliche Lebensbereiche habe ich hier Kalender angelegt, die sich farblich auch unterscheiden. Parallel schaue ich mir immer mal wieder an was der Google Kalender macht. Unterm Strich, nehmen sich die beiden nicht viel.<\/p>\n<p>Den digitalen Kalender, der sich auf all meine Ger\u00e4te synchronisiert, habe ich eine sehr lange Zeit mehr, oder weniger untersch\u00e4tzt. Untersch\u00e4tzt dahingehend, dass ich wirklich nur Termine eingetragen habe und s\u00e4mtliche zus\u00e4tzlichen Features au\u00dfer acht gelassen habe. Letztens erst habe ich jemandem den Tipp gegeben, den Kalender als Reiseplanungs-App zu nutzen. Ich kann zus\u00e4tzliche Informationen zum Termin, oder den Ausfl\u00fcgen in Form von Dateien (pdf, jpg\u2026) anh\u00e4ngen. Die Notizfelder k\u00f6nnen mit zus\u00e4tzlichen Informationen gef\u00fcllt werden. Links von Webseiten beigelegt werden. Ich kann weitere Teilnehmer hinzuf\u00fcgen, welche dann die gleichen Informationen zur Verf\u00fcgung haben.<\/p>\n<p>F\u00fcr mich ist ein Kalender mehr als einfach etwas, wo man seine Termine eintr\u00e4gt. Ich m\u00f6chte den Kalender an dieser Stelle mal liebevoll \u201eZeitbegleiter\u201c nennen. Nebenbei, was f\u00fcr mich nicht in den Kalender geh\u00f6rt sind ToDos. F\u00fcr Aufgaben, oder ToDos habe ich eine extra Umgebung &#8211; den Todoist.<\/p>\n<p>Beim bef\u00fcllen des Kalender gibt es bei mir 4 Abstufungen. Den Jahreskalender, den Monatskalender, den Wochenkalender und des Tageskalender.<\/p>\n<p>&nbsp;<\/p>\n<p><strong>Jahres\u00fcbersicht<\/strong><\/p>\n<p>Hier gibt es f\u00fcr mich keine Feinplanung. Eintragungen beschr\u00e4nken sich weitestgehend auf den Jahresurlaub der im Januar geplant und schon mal (grob) f\u00fcr das Jahr eingetragen wird.<\/p>\n<p>&nbsp;<\/p>\n<p><strong>Monats\u00fcbersicht<\/strong><\/p>\n<p>Hier blocke ich mir Zeiten f\u00fcr Sport, Hobbys und pers\u00f6nliche Dinge. Des weiteren Termine die mir schon bekannt sind, wie (Schul-)Veranstaltungen, sportliche Wettk\u00e4mpfe der Kinder usw.<\/p>\n<p>&nbsp;<\/p>\n<p><strong>Wochen\u00fcbersicht<\/strong><\/p>\n<p>Im Wochenkalender wird es schon interessanter. Meine detaillierte Terminplanung geht \u201eeigentlich\u201c nicht \u00fcber 14 Tage im Voraus hinaus, da aus meinen Erfahrungen sich viel zu viel Verschiebungen \u00fcber die 14 Tage hinaus ergeben. Dies w\u00fcrde dann einige Tage einfach ineffizient machen.<\/p>\n<p>Bei meiner Wochenplanung sind die einzelnen Tage weitestgehend schon komplett gef\u00fcllt. Ich selbst arbeite im Aussendienst und da sollte sich der Aufenthalt auf der Autobahn in Bezug auf die Zeit beim Kunden, oder auf der Baustelle schon irgendwie wirtschaftlich darstellen.<\/p>\n<p>Egal wo ich bin, mit wem ich den Termin habe, alle notwendigen Infos habe ich dabei und die liegen bei mir im Kalender.<\/p>\n<p>&nbsp;<\/p>\n<p><strong>Tages\u00fcbersicht<\/strong><\/p>\n<p>Zum Feierabend, oder am Abend bereite ich meinen n\u00e4chsten Tag vor und \u00fcberpr\u00fcfe noch einmal, ob ich alle Informationen, Dateien, Links, was auch immer, beisammen habe. F\u00fcr den bereits verstrichenen Tag, passe ich die Zeiten dann noch den realen Zeiten an, da sich aufgrund von Verkehr, oder Terminverschiebungen der Planstand vom Iststand immer etwas unterscheidet.<\/p>\n<p>Warum ich das mache? Ein Kalender ist bei mir f\u00fcr den Bereich Arbeit. Hier nutze ich die eingetragenen Termine einmal als Nachweis um meine Daseinsberechtigung in der Firma darzustellen, aber vor allem f\u00fcr meine Spesenabrechnung und ich kann immer sagen wo ich wann war. Was nicht immer schlecht ist. \ud83d\ude09<\/p>\n<p>Ich denke ihr versteht jetzt, warum ich den Kalender als Zeitbegleiter bezeichne.<\/p>\n<p>Wie organisiert ihr euren Tag? Nutzt ihr den Kalender intensiv?<\/p>\n","protected":false},"excerpt":{"rendered":"<p>Ein Kalender ist ein Kalender, oder nicht? Ihn gibt es in verschiedenen Variationen und Gr\u00f6\u00dfen. Die&hellip;<\/p>\n","protected":false},"author":1,"featured_media":213,"comment_status":"open","ping_status":"open","sticky":false,"template":"","format":"standard","meta":{"footnotes":""},"categories":[1,12,5,11],"tags":[24,10],"class_list":["post-211","post","type-post","status-publish","format-standard","has-post-thumbnail","hentry","category-allgemein","category-apps","category-produktivitaet","category-tool","tag-kalender","tag-tagesplanung","comments-open","no-comments"],"_links":{"self":[{"href":"https:\/\/produktiv-effektiv-digital.de\/ped\/wp-json\/wp\/v2\/posts\/211","targetHints":{"allow":["GET"]}}],"collection":[{"href":"https:\/\/produktiv-effektiv-digital.de\/ped\/wp-json\/wp\/v2\/posts"}],"about":[{"href":"https:\/\/produktiv-effektiv-digital.de\/ped\/wp-json\/wp\/v2\/types\/post"}],"author":[{"embeddable":true,"href":"https:\/\/produktiv-effektiv-digital.de\/ped\/wp-json\/wp\/v2\/users\/1"}],"replies":[{"embeddable":true,"href":"https:\/\/produktiv-effektiv-digital.de\/ped\/wp-json\/wp\/v2\/comments?post=211"}],"version-history":[{"count":3,"href":"https:\/\/produktiv-effektiv-digital.de\/ped\/wp-json\/wp\/v2\/posts\/211\/revisions"}],"predecessor-version":[{"id":215,"href":"https:\/\/produktiv-effektiv-digital.de\/ped\/wp-json\/wp\/v2\/posts\/211\/revisions\/215"}],"wp:featuredmedia":[{"embeddable":true,"href":"https:\/\/produktiv-effektiv-digital.de\/ped\/wp-json\/wp\/v2\/media\/213"}],"wp:attachment":[{"href":"https:\/\/produktiv-effektiv-digital.de\/ped\/wp-json\/wp\/v2\/media?parent=211"}],"wp:term":[{"taxonomy":"category","embeddable":true,"href":"https:\/\/produktiv-effektiv-digital.de\/ped\/wp-json\/wp\/v2\/categories?post=211"},{"taxonomy":"post_tag","embeddable":true,"href":"https:\/\/produktiv-effektiv-digital.de\/ped\/wp-json\/wp\/v2\/tags?post=211"}],"curies":[{"name":"wp","href":"https:\/\/api.w.org\/{rel}","templated":true}]}}